{"id":635,"date":"2020-07-21T07:34:09","date_gmt":"2020-07-21T06:34:09","guid":{"rendered":"http:\/\/www.stgereon.info\/wordpress\/?p=635"},"modified":"2020-12-23T09:03:19","modified_gmt":"2020-12-23T08:03:19","slug":"pfarrer-karl-heinz-hendker-verstorben","status":"publish","type":"post","link":"https:\/\/www.stgereon.info\/wordpress\/?p=635","title":{"rendered":"Pfarrer Karl-Heinz Hendker verstorben"},"content":{"rendered":"\n<p>Liebe Gemeindemitglieder,<\/p>\n\n\n\n<p>am Samstag ist unser langj\u00e4hriger Pfarrer Karl-Heinz Hendker verstorben. Er hat sich bis zum Schluss mit den Menschen in unseren Gemeinden verbunden gef\u00fchlt. Das Auferstehungsamt f\u00fcr Pfarrer Hendker findet am Mittwoch, 22. Juli 2020, um 10 Uhr in der Kirche St. Gereon statt. Dort ist unter den aktuellen Bedingungen leider nur begrenzt Platz, so dass es sein kann, dass Sie nicht in die Kirche k\u00f6nnen. Im Anschluss findet um 11 Uhr vor der Trauerhalle auf dem Friedhof Giesenkirchen eine \u00f6ffentliche Trauerfeier mit Aussegnung statt. Dort k\u00f6nnen Sie auf jeden Fall teilnehmen. Von dort aus ziehen wir mit dem Sarg zu den Priestergr\u00e4bern, wo die Beisetzung stattfindet. F\u00fcr alle, die am Mittwoch nicht dabei sein k\u00f6nnen, findet am Sonntagabend, 26. Juli 2020, um 18 Uhr in St. Gereon eine Totenvesper statt.<br><br>Karl-Heinz Hendker sagte wenige Tage vor seinem Tod: &#8222;Ich bin im Aufbruch!&#8220; Wir w\u00fcnschen ihm, dass er gut ankommt.<br><br>Herzlich gr\u00fc\u00dft Sie, <br>Achim K\u00f6hler, Pfarradministrator<\/p>\n","protected":false},"excerpt":{"rendered":"<p>Liebe Gemeindemitglieder, am Samstag ist unser langj\u00e4hriger Pfarrer Karl-Heinz Hendker verstorben. Er hat sich bis zum Schluss mit den Menschen in unseren Gemeinden verbunden gef\u00fchlt. Das Auferstehungsamt f\u00fcr Pfarrer Hendker findet am Mittwoch, 22. Juli 2020, um 10 Uhr in der Kirche St. Gereon statt. Dort ist unter den aktuellen Bedingungen leider nur begrenzt Platz, &hellip; <a href=\"https:\/\/www.stgereon.info\/wordpress\/?p=635\" class=\"more-link\"><span class=\"screen-reader-text\">Pfarrer Karl-Heinz Hendker verstorben<\/span> weiterlesen<\/a><\/p>\n","protected":false},"author":1,"featured_media":0,"comment_status":"closed","ping_status":"closed","sticky":false,"template":"","format":"standard","meta":{"ngg_post_thumbnail":0,"footnotes":""},"categories":[1],"tags":[],"class_list":["post-635","post","type-post","status-publish","format-standard","hentry","category-allgemein"],"_links":{"self":[{"href":"https:\/\/www.stgereon.info\/wordpress\/index.php?rest_route=\/wp\/v2\/posts\/635","targetHints":{"allow":["GET"]}}],"collection":[{"href":"https:\/\/www.stgereon.info\/wordpress\/index.php?rest_route=\/wp\/v2\/posts"}],"about":[{"href":"https:\/\/www.stgereon.info\/wordpress\/index.php?rest_route=\/wp\/v2\/types\/post"}],"author":[{"embeddable":true,"href":"https:\/\/www.stgereon.info\/wordpress\/index.php?rest_route=\/wp\/v2\/users\/1"}],"replies":[{"embeddable":true,"href":"https:\/\/www.stgereon.info\/wordpress\/index.php?rest_route=%2Fwp%2Fv2%2Fcomments&post=635"}],"version-history":[{"count":1,"href":"https:\/\/www.stgereon.info\/wordpress\/index.php?rest_route=\/wp\/v2\/posts\/635\/revisions"}],"predecessor-version":[{"id":636,"href":"https:\/\/www.stgereon.info\/wordpress\/index.php?rest_route=\/wp\/v2\/posts\/635\/revisions\/636"}],"wp:attachment":[{"href":"https:\/\/www.stgereon.info\/wordpress\/index.php?rest_route=%2Fwp%2Fv2%2Fmedia&parent=635"}],"wp:term":[{"taxonomy":"category","embeddable":true,"href":"https:\/\/www.stgereon.info\/wordpress\/index.php?rest_route=%2Fwp%2Fv2%2Fcategories&post=635"},{"taxonomy":"post_tag","embeddable":true,"href":"https:\/\/www.stgereon.info\/wordpress\/index.php?rest_route=%2Fwp%2Fv2%2Ftags&post=635"}],"curies":[{"name":"wp","href":"https:\/\/api.w.org\/{rel}","templated":true}]}}