{"id":553,"date":"2019-11-07T11:23:31","date_gmt":"2019-11-07T10:23:31","guid":{"rendered":"http:\/\/www.stgereon.info\/wordpress\/?p=553"},"modified":"2020-12-23T09:04:47","modified_gmt":"2020-12-23T08:04:47","slug":"30-jahre-gereonshaus","status":"publish","type":"post","link":"https:\/\/www.stgereon.info\/wordpress\/?p=553","title":{"rendered":"30 Jahre Gereonshaus"},"content":{"rendered":"\n<p>Ehrenamtliches Team sucht Verst\u00e4rkung<\/p>\n\n\n\n<p>Am 23. August 2020 findet auf dem Platz zwischen der Kirche St. Gereon und dem Gereonshaus sowie im Gereonshaus selbst das Pfarrfest der Pfarre St. Gereon statt. Au\u00dferdem m\u00f6chten wir das 30-j\u00e4hrige Bestehen des Gereonshauses feiern. Viele Giesenkirchener werden sich noch gut daran erinnern k\u00f6nnen, wie 1990 das Haus hinter der Kirche gebaut wurde. Seither haben viele Kirchliche Gruppen und viele Gemeindemitglieder das Haus regelm\u00e4\u00dfig und intensiv genutzt. Kirchenchor, Frauengemeinschaft, Pfadfinder, Sch\u00fctzen, Erstkommuniongruppen und viele andere Gruppen sind treue G\u00e4ste im Haus. Viele Giesenkirchener haben hier im Haus schon viele sch\u00f6ne Feste gefeiert.<\/p>\n\n\n\n<p><br>Das Gereonshaus wird ehrenamtlich geleitet. Karl-Josef Seitz und Norbert Beeck bilden das Leitungsteam des Gereonshauses und k\u00fcmmern sich seitdem es das Pfarrheim gibt um alle Belange. Sie sind sowohl Ansprechpartner f\u00fcr die Gruppen und Nutzer, sie koordinieren die Termine, sie sprechen alles Notwendige mit den Nutzern ab, weisen diese ein und nehmen das Haus nach der Nutzung wieder ab, aber sie k\u00fcmmern sich auch um die Instandhaltung des Hauses und der Gartenanlagen. Viel Zeit und Energie wird hier ehrenamtlich investiert. Daf\u00fcr k\u00f6nnen wir in Giesenkirchen nur sehr dankbar sein. Denn ohne dieses Team liefe im Gereonshaus nichts.<\/p>\n\n\n\n<p><br>Um die Nutzung des Hauses auch \u00fcber das Jubil\u00e4um hinaus langfristig zu garantieren, w\u00e4re es gut, wenn das Leitungsteam des Gereonshauses Verst\u00e4rkung finden w\u00fcrde. Wir suchen Menschen, die bereit sind, sich im Rahmen ihrer M\u00f6glichkeiten und ihrer Zeit einzubringen. Das kann sehr flexibel gehalten und abgesprochen werden. Wenn Sie mehr wissen m\u00f6chten, welche Aufgaben das Team des Gereonshauses \u00fcbernimmt, k\u00f6nnen Sie sich gerne an Karl-Josef Seitz wenden (Tel. 02166 \/ 83352; bitte w\u00e4hrend der B\u00fcrozeiten anrufen: montags 18.30 bis 20.00 Uhr; mittwochs 17.00 bis 17.30 Uhr; und freitags 18.30 bis 20.30 Uhr). Herr Seitz steht Ihnen gerne f\u00fcr ein Gespr\u00e4ch zur Verf\u00fcgung.<\/p>\n\n\n\n<p><br>Ich w\u00fcrde mich sehr freuen, wenn das Leitungsteam des Gereonshaues Verst\u00e4rkung finden w\u00fcrde und m\u00f6chte mich an dieser Stelle einmal deutlich und herzlich bedanken f\u00fcr das Engagement von Herrn Seitz und Herrn Beeck!<\/p>\n\n\n\n<p>Herzliche Gr\u00fc\u00dfe <br>Achim K\u00f6hler <br>Pfarradministrator<\/p>\n","protected":false},"excerpt":{"rendered":"<p>Ehrenamtliches Team sucht Verst\u00e4rkung Am 23. August 2020 findet auf dem Platz zwischen der Kirche St. Gereon und dem Gereonshaus sowie im Gereonshaus selbst das Pfarrfest der Pfarre St. Gereon statt. Au\u00dferdem m\u00f6chten wir das 30-j\u00e4hrige Bestehen des Gereonshauses feiern. Viele Giesenkirchener werden sich noch gut daran erinnern k\u00f6nnen, wie 1990 das Haus hinter der &hellip; <a href=\"https:\/\/www.stgereon.info\/wordpress\/?p=553\" class=\"more-link\"><span class=\"screen-reader-text\">30 Jahre Gereonshaus<\/span> weiterlesen<\/a><\/p>\n","protected":false},"author":1,"featured_media":0,"comment_status":"closed","ping_status":"closed","sticky":false,"template":"","format":"standard","meta":{"ngg_post_thumbnail":0,"footnotes":""},"categories":[1],"tags":[],"class_list":["post-553","post","type-post","status-publish","format-standard","hentry","category-allgemein"],"_links":{"self":[{"href":"https:\/\/www.stgereon.info\/wordpress\/index.php?rest_route=\/wp\/v2\/posts\/553","targetHints":{"allow":["GET"]}}],"collection":[{"href":"https:\/\/www.stgereon.info\/wordpress\/index.php?rest_route=\/wp\/v2\/posts"}],"about":[{"href":"https:\/\/www.stgereon.info\/wordpress\/index.php?rest_route=\/wp\/v2\/types\/post"}],"author":[{"embeddable":true,"href":"https:\/\/www.stgereon.info\/wordpress\/index.php?rest_route=\/wp\/v2\/users\/1"}],"replies":[{"embeddable":true,"href":"https:\/\/www.stgereon.info\/wordpress\/index.php?rest_route=%2Fwp%2Fv2%2Fcomments&post=553"}],"version-history":[{"count":1,"href":"https:\/\/www.stgereon.info\/wordpress\/index.php?rest_route=\/wp\/v2\/posts\/553\/revisions"}],"predecessor-version":[{"id":554,"href":"https:\/\/www.stgereon.info\/wordpress\/index.php?rest_route=\/wp\/v2\/posts\/553\/revisions\/554"}],"wp:attachment":[{"href":"https:\/\/www.stgereon.info\/wordpress\/index.php?rest_route=%2Fwp%2Fv2%2Fmedia&parent=553"}],"wp:term":[{"taxonomy":"category","embeddable":true,"href":"https:\/\/www.stgereon.info\/wordpress\/index.php?rest_route=%2Fwp%2Fv2%2Fcategories&post=553"},{"taxonomy":"post_tag","embeddable":true,"href":"https:\/\/www.stgereon.info\/wordpress\/index.php?rest_route=%2Fwp%2Fv2%2Ftags&post=553"}],"curies":[{"name":"wp","href":"https:\/\/api.w.org\/{rel}","templated":true}]}}