{"id":519,"date":"2019-03-17T11:16:23","date_gmt":"2019-03-17T09:16:23","guid":{"rendered":"http:\/\/www.stgereon.info\/wordpress\/?p=519"},"modified":"2019-04-09T10:35:58","modified_gmt":"2019-04-09T08:35:58","slug":"einladung-zum-familienpilgertag-am-30-6-2019","status":"publish","type":"post","link":"https:\/\/www.stgereon.info\/wordpress\/?p=519","title":{"rendered":"Einladung zum Familienpilgertag am 30.6.2019"},"content":{"rendered":"\n<p>Wir laden alle Familien herzlich ein, den Tag gemeinsam zu verbringen. Auf dem Programm stehen au\u00dfer dem Wandern viele Aktivit\u00e4ten f\u00fcr Klein und Gro\u00df: singen, basteln, spielen, Gottes Sch\u00f6pfung bewusst wahrnehmen und vieles mehr.<\/p>\n\n\n\n<p>\n<strong>Start\nund Ziel sind das Gereonshaus. Wir treffen uns um 10 Uhr <\/strong>zum\nEinstieg und zu einer kleinen St\u00e4rkung, besuchen gemeinsam die hl.\nMesse und dann geht es los zur Pilgertour durch Wald und Feld. \n<\/p>\n\n\n\n<p>\n<strong>Gegen\n17 Uhr<\/strong>\nkehren wir zur\u00fcck und beenden anschlie\u00dfend den Tag mit einem\ngemeinsamen Grillen. F\u00fcr unterwegs bringt bitte ein bisschen\nProviant und eine auff\u00fcllbare Trinkflasche mit. Getr\u00e4nke zum\nAuff\u00fcllen sind vorhanden.<\/p>\n\n\n\n<p>\nUm\ndie Kosten (f\u00fcr Grillw\u00fcrstchen, Material, Getr\u00e4nke&#8230;) zu decken,\nbetr\u00e4gt die Teilnehmergeb\u00fchr \u20ac 4,- pro Person bzw.<\/p>\n\n\n\n<p>\n\u20ac 10,-\npro Familie.<\/p>\n\n\n\n<p> Bitte ladet die<a href=\"https:\/\/www.stgereon.info\/Pilgertag.pdf\"> Anmeldun<\/a>g herunter und gebt sie  \u2013 m\u00f6glichst <strong>bis zum 20.05.19<\/strong> &#8211;  mit der Teilnahmegeb\u00fchr bei den Kommunionskatecheten oder im Pfarrb\u00fcro ab.  <\/p>\n\n\n\n<p>\nWeitere\nInfos gibt es hier: \n<\/p>\n\n\n\n<p>Marion\nKlein, 02166\/120267,\n<a href=\"mailto:mamu71@gmx.de\">mamu71@gmx.de<\/a><\/p>\n\n\n\n<p>Bettina\nRegniet, 02166\/132596, <a href=\"mailto:bettina.regniet@gmx.de\">bettina.regniet@gmx.de<\/a><\/p>\n","protected":false},"excerpt":{"rendered":"<p>Wir laden alle Familien herzlich ein, den Tag gemeinsam zu verbringen. Auf dem Programm stehen au\u00dfer dem Wandern viele Aktivit\u00e4ten f\u00fcr Klein und Gro\u00df: singen, basteln, spielen, Gottes Sch\u00f6pfung bewusst wahrnehmen und vieles mehr. Start und Ziel sind das Gereonshaus. Wir treffen uns um 10 Uhr zum Einstieg und zu einer kleinen St\u00e4rkung, besuchen gemeinsam &hellip; <a href=\"https:\/\/www.stgereon.info\/wordpress\/?p=519\" class=\"more-link\"><span class=\"screen-reader-text\">Einladung zum Familienpilgertag am 30.6.2019<\/span> weiterlesen<\/a><\/p>\n","protected":false},"author":1,"featured_media":0,"comment_status":"closed","ping_status":"closed","sticky":false,"template":"","format":"standard","meta":{"ngg_post_thumbnail":0,"footnotes":""},"categories":[1],"tags":[],"class_list":["post-519","post","type-post","status-publish","format-standard","hentry","category-allgemein"],"_links":{"self":[{"href":"https:\/\/www.stgereon.info\/wordpress\/index.php?rest_route=\/wp\/v2\/posts\/519","targetHints":{"allow":["GET"]}}],"collection":[{"href":"https:\/\/www.stgereon.info\/wordpress\/index.php?rest_route=\/wp\/v2\/posts"}],"about":[{"href":"https:\/\/www.stgereon.info\/wordpress\/index.php?rest_route=\/wp\/v2\/types\/post"}],"author":[{"embeddable":true,"href":"https:\/\/www.stgereon.info\/wordpress\/index.php?rest_route=\/wp\/v2\/users\/1"}],"replies":[{"embeddable":true,"href":"https:\/\/www.stgereon.info\/wordpress\/index.php?rest_route=%2Fwp%2Fv2%2Fcomments&post=519"}],"version-history":[{"count":3,"href":"https:\/\/www.stgereon.info\/wordpress\/index.php?rest_route=\/wp\/v2\/posts\/519\/revisions"}],"predecessor-version":[{"id":522,"href":"https:\/\/www.stgereon.info\/wordpress\/index.php?rest_route=\/wp\/v2\/posts\/519\/revisions\/522"}],"wp:attachment":[{"href":"https:\/\/www.stgereon.info\/wordpress\/index.php?rest_route=%2Fwp%2Fv2%2Fmedia&parent=519"}],"wp:term":[{"taxonomy":"category","embeddable":true,"href":"https:\/\/www.stgereon.info\/wordpress\/index.php?rest_route=%2Fwp%2Fv2%2Fcategories&post=519"},{"taxonomy":"post_tag","embeddable":true,"href":"https:\/\/www.stgereon.info\/wordpress\/index.php?rest_route=%2Fwp%2Fv2%2Ftags&post=519"}],"curies":[{"name":"wp","href":"https:\/\/api.w.org\/{rel}","templated":true}]}}