{"id":355,"date":"2016-09-15T19:15:48","date_gmt":"2016-09-15T18:15:48","guid":{"rendered":"http:\/\/www.stgereon.info\/wordpress\/?p=355"},"modified":"2021-01-02T14:36:23","modified_gmt":"2021-01-02T13:36:23","slug":"kinder-und-familienmesse-7","status":"publish","type":"post","link":"https:\/\/www.stgereon.info\/wordpress\/?p=355","title":{"rendered":"Kinder- und Familienmesse"},"content":{"rendered":"<p class=\"western\" align=\"center\"><span style=\"font-family: 'Arial Black', sans-serif;\"><span style=\"font-size: x-large;\">Kinder- und Familienmesse <\/span><\/span><\/p>\n<p class=\"western\" align=\"center\"><span style=\"font-family: 'Arial Black', sans-serif;\"><span style=\"font-size: x-large;\">der GdG Giesenkirchen\/M\u00fclfort\/Schelsen\/Meerkamp<\/span><\/span><\/p>\n<p class=\"western\" align=\"center\"><span style=\"color: #ff0000;\"><span style=\"font-family: 'Comic Sans MS', cursive;\"><span style=\"font-size: 300%;\"><b>Erntedank<\/b><\/span><\/span><\/span><\/p>\n<p><a href=\"http:\/\/www.stgereon.info\/wordpress\/?attachment_id=272\" rel=\"attachment wp-att-272\"><img loading=\"lazy\" decoding=\"async\" class=\"size-large wp-image-272 aligncenter\" src=\"http:\/\/www.stgereon.info\/wordpress\/wp-content\/uploads\/2015\/08\/logo-1024x933.jpg\" alt=\"logo\" width=\"604\" height=\"550\" srcset=\"https:\/\/www.stgereon.info\/wordpress\/wp-content\/uploads\/2015\/08\/logo-1024x933.jpg 1024w, https:\/\/www.stgereon.info\/wordpress\/wp-content\/uploads\/2015\/08\/logo-300x273.jpg 300w, https:\/\/www.stgereon.info\/wordpress\/wp-content\/uploads\/2015\/08\/logo.jpg 1550w\" sizes=\"auto, (max-width: 604px) 100vw, 604px\" \/><\/a><\/p>\n<p class=\"western\" align=\"center\"><span style=\"font-family: 'Arial Black', sans-serif;\"><span style=\"font-size: xx-large;\">Sonntag, 2. Oktober 2016<\/span><\/span><\/p>\n<p class=\"western\" align=\"center\"><span style=\"font-family: 'Arial Black', sans-serif;\"><span style=\"font-size: xx-large;\">11 Uhr in St. Mari\u00e4 Himmelfahrt &#8211; Meerkamp<\/span><\/span><\/p>\n<p class=\"western\" align=\"center\"><span style=\"color: #000080;\"><span style=\"font-family: 'Arial Black', sans-serif;\"><span style=\"font-size: large;\"><i><b>Mit musikalischer Unterst\u00fctzung durch den<\/b><\/i><\/span><\/span><\/span><\/p>\n<p class=\"western\" align=\"center\"><span style=\"color: #000080;\"><span style=\"font-family: 'Arial Black', sans-serif;\"><span style=\"font-size: large;\"><i><b>Projektchor und Band.<\/b><\/i><\/span><\/span><\/span><\/p>\n<p class=\"western\" align=\"center\"><span style=\"color: #ff0000;\"><span style=\"font-family: 'Arial Black', sans-serif;\"><span style=\"font-size: x-large;\"><b>Nach der Messe seid Ihr\/sind Sie herzlich eingeladen, zu einem<\/b><\/span><\/span><\/span><span style=\"color: #ff0000;\"><span style=\"font-family: 'Arial Black', sans-serif;\"><span style=\"font-size: x-large;\"><u><b> gemeinsamen Mittagessen <\/b><\/u><\/span><\/span><\/span><span style=\"color: #ff0000;\"><span style=\"font-family: 'Arial Black', sans-serif;\"><span style=\"font-size: x-large;\"><b>beisammen zu bleiben. Es w\u00e4re sch\u00f6n, wenn jeder, der kann, etwas f\u00fcr die gemeinsame Mittagstafel mitbringt. Getr\u00e4nke stellt die Gemeinde.<\/b><\/span><\/span><\/span><\/p>\n","protected":false},"excerpt":{"rendered":"<p>Kinder- und Familienmesse der GdG Giesenkirchen\/M\u00fclfort\/Schelsen\/Meerkamp Erntedank Sonntag, 2. Oktober 2016 11 Uhr in St. Mari\u00e4 Himmelfahrt &#8211; Meerkamp Mit musikalischer Unterst\u00fctzung durch den Projektchor und Band. Nach der Messe seid Ihr\/sind Sie herzlich eingeladen, zu einem gemeinsamen Mittagessen beisammen zu bleiben. Es w\u00e4re sch\u00f6n, wenn jeder, der kann, etwas f\u00fcr die gemeinsame Mittagstafel mitbringt. &hellip; <a href=\"https:\/\/www.stgereon.info\/wordpress\/?p=355\" class=\"more-link\"><span class=\"screen-reader-text\">Kinder- und Familienmesse<\/span> weiterlesen<\/a><\/p>\n","protected":false},"author":1,"featured_media":0,"comment_status":"closed","ping_status":"closed","sticky":false,"template":"","format":"standard","meta":{"ngg_post_thumbnail":0,"footnotes":""},"categories":[1],"tags":[],"class_list":["post-355","post","type-post","status-publish","format-standard","hentry","category-allgemein"],"_links":{"self":[{"href":"https:\/\/www.stgereon.info\/wordpress\/index.php?rest_route=\/wp\/v2\/posts\/355","targetHints":{"allow":["GET"]}}],"collection":[{"href":"https:\/\/www.stgereon.info\/wordpress\/index.php?rest_route=\/wp\/v2\/posts"}],"about":[{"href":"https:\/\/www.stgereon.info\/wordpress\/index.php?rest_route=\/wp\/v2\/types\/post"}],"author":[{"embeddable":true,"href":"https:\/\/www.stgereon.info\/wordpress\/index.php?rest_route=\/wp\/v2\/users\/1"}],"replies":[{"embeddable":true,"href":"https:\/\/www.stgereon.info\/wordpress\/index.php?rest_route=%2Fwp%2Fv2%2Fcomments&post=355"}],"version-history":[{"count":2,"href":"https:\/\/www.stgereon.info\/wordpress\/index.php?rest_route=\/wp\/v2\/posts\/355\/revisions"}],"predecessor-version":[{"id":357,"href":"https:\/\/www.stgereon.info\/wordpress\/index.php?rest_route=\/wp\/v2\/posts\/355\/revisions\/357"}],"wp:attachment":[{"href":"https:\/\/www.stgereon.info\/wordpress\/index.php?rest_route=%2Fwp%2Fv2%2Fmedia&parent=355"}],"wp:term":[{"taxonomy":"category","embeddable":true,"href":"https:\/\/www.stgereon.info\/wordpress\/index.php?rest_route=%2Fwp%2Fv2%2Fcategories&post=355"},{"taxonomy":"post_tag","embeddable":true,"href":"https:\/\/www.stgereon.info\/wordpress\/index.php?rest_route=%2Fwp%2Fv2%2Ftags&post=355"}],"curies":[{"name":"wp","href":"https:\/\/api.w.org\/{rel}","templated":true}]}}