{"id":2284,"date":"2025-09-29T11:10:10","date_gmt":"2025-09-29T10:10:10","guid":{"rendered":"https:\/\/www.stgereon.info\/wordpress\/?p=2284"},"modified":"2025-09-29T11:11:25","modified_gmt":"2025-09-29T10:11:25","slug":"martina-lesmeister-stellt-sich-vor","status":"publish","type":"post","link":"https:\/\/www.stgereon.info\/wordpress\/?p=2284","title":{"rendered":"Martina Lesmeister stellt sich vor"},"content":{"rendered":"\n<div class=\"wp-block-columns is-layout-flex wp-container-core-columns-is-layout-9d6595d7 wp-block-columns-is-layout-flex\">\n<div class=\"wp-block-column is-layout-flow wp-block-column-is-layout-flow\" style=\"flex-basis:66.66%\">\n<h4 class=\"wp-block-heading\">Ich bin die Neue &#8230;<\/h4>\n\n\n\n<p>Das Pastoralteam bekommt mit mir eine neue Gemeindereferentin zur Kollegin.<br>Mein Name ist Martina Lesmeister, ich bin 57 Jahre alt und komme aus Erkelenz.<\/p>\n<\/div>\n\n\n\n<div class=\"wp-block-column is-layout-flow wp-block-column-is-layout-flow\" style=\"flex-basis:33.33%\"><div class=\"wp-block-image\">\n<figure class=\"aligncenter size-full\"><img loading=\"lazy\" decoding=\"async\" width=\"515\" height=\"344\" src=\"https:\/\/www.stgereon.info\/wordpress\/wp-content\/uploads\/2025\/09\/Martina-Lesmeister.jpg\" alt=\"\" class=\"wp-image-2285\" srcset=\"https:\/\/www.stgereon.info\/wordpress\/wp-content\/uploads\/2025\/09\/Martina-Lesmeister.jpg 515w, https:\/\/www.stgereon.info\/wordpress\/wp-content\/uploads\/2025\/09\/Martina-Lesmeister-300x200.jpg 300w\" sizes=\"auto, (max-width: 515px) 100vw, 515px\" \/><\/figure>\n<\/div><\/div>\n<\/div>\n\n\n\n<p>Ich bin verheiratet, habe zwei erwachsene T\u00f6chter und seit 18 Monaten ein Enkelkind. Meine fr\u00fcheren Berufe als Krankenschwester und Sozialp\u00e4dagogin habe ich 2015 mit dem Eintritt in den pastoralen Dienst an den ber\u00fchmten \u201eNagel geh\u00e4ngt\u201c. Nach meiner Beauftragung durch Bischof Helmut Dieser 2018 habe ich in der fr\u00fcheren GdG H\u00fcckelhoven gearbeitet und den neuen Pastoralen Raum H\u00fcckelhoven als Promotorin mit vorbereitet und gestaltet. \u00a0<br>Nun ist aber auch Zeit, neue Wege zu wagen und zu gehen:<br>Ab September 2025 werde ich nun als Gemeindereferentin das Pastoralteam hier verst\u00e4rken und bin sehr gespannt, Sie und den Pastoralen Raum Maria und Marta von Betanien kennenzulernen. Mein B\u00fcro wird zun\u00e4chst in St. Benedikt in Holt sein.<br>Ich freue mich sehr auf die Begegnungen und Gespr\u00e4che mit Ihnen.<\/p>\n\n\n\n<p>So, dass ich dann gar nicht so sehr lange die \u201eNeue\u201c bin.<\/p>\n\n\n\n<p>Bis bald, herzliche Gr\u00fc\u00dfe<br>Martina Lesmeister<br>Gemeindereferentin<\/p>\n\n\n\n<p><\/p>\n","protected":false},"excerpt":{"rendered":"<p>Ich bin die Neue &#8230; Das Pastoralteam bekommt mit mir eine neue Gemeindereferentin zur Kollegin.Mein Name ist Martina Lesmeister, ich bin 57 Jahre alt und komme aus Erkelenz. Ich bin verheiratet, habe zwei erwachsene T\u00f6chter und seit 18 Monaten ein Enkelkind. Meine fr\u00fcheren Berufe als Krankenschwester und Sozialp\u00e4dagogin habe ich 2015 mit dem Eintritt in &hellip; <a href=\"https:\/\/www.stgereon.info\/wordpress\/?p=2284\" class=\"more-link\"><span class=\"screen-reader-text\">Martina Lesmeister stellt sich vor<\/span> weiterlesen<\/a><\/p>\n","protected":false},"author":2,"featured_media":0,"comment_status":"open","ping_status":"open","sticky":false,"template":"","format":"standard","meta":{"ngg_post_thumbnail":0,"footnotes":""},"categories":[1],"tags":[],"class_list":["post-2284","post","type-post","status-publish","format-standard","hentry","category-allgemein"],"_links":{"self":[{"href":"https:\/\/www.stgereon.info\/wordpress\/index.php?rest_route=\/wp\/v2\/posts\/2284","targetHints":{"allow":["GET"]}}],"collection":[{"href":"https:\/\/www.stgereon.info\/wordpress\/index.php?rest_route=\/wp\/v2\/posts"}],"about":[{"href":"https:\/\/www.stgereon.info\/wordpress\/index.php?rest_route=\/wp\/v2\/types\/post"}],"author":[{"embeddable":true,"href":"https:\/\/www.stgereon.info\/wordpress\/index.php?rest_route=\/wp\/v2\/users\/2"}],"replies":[{"embeddable":true,"href":"https:\/\/www.stgereon.info\/wordpress\/index.php?rest_route=%2Fwp%2Fv2%2Fcomments&post=2284"}],"version-history":[{"count":3,"href":"https:\/\/www.stgereon.info\/wordpress\/index.php?rest_route=\/wp\/v2\/posts\/2284\/revisions"}],"predecessor-version":[{"id":2288,"href":"https:\/\/www.stgereon.info\/wordpress\/index.php?rest_route=\/wp\/v2\/posts\/2284\/revisions\/2288"}],"wp:attachment":[{"href":"https:\/\/www.stgereon.info\/wordpress\/index.php?rest_route=%2Fwp%2Fv2%2Fmedia&parent=2284"}],"wp:term":[{"taxonomy":"category","embeddable":true,"href":"https:\/\/www.stgereon.info\/wordpress\/index.php?rest_route=%2Fwp%2Fv2%2Fcategories&post=2284"},{"taxonomy":"post_tag","embeddable":true,"href":"https:\/\/www.stgereon.info\/wordpress\/index.php?rest_route=%2Fwp%2Fv2%2Ftags&post=2284"}],"curies":[{"name":"wp","href":"https:\/\/api.w.org\/{rel}","templated":true}]}}