{"id":114,"date":"2014-02-18T13:52:13","date_gmt":"2014-02-18T12:52:13","guid":{"rendered":"http:\/\/www.stgereon.info\/wordpress\/?p=114"},"modified":"2021-01-02T14:32:14","modified_gmt":"2021-01-02T13:32:14","slug":"palmaktion-st-gereon-2","status":"publish","type":"post","link":"https:\/\/www.stgereon.info\/wordpress\/?p=114","title":{"rendered":"Palmaktion St. Gereon"},"content":{"rendered":"<div>Wie im vergangenem Jahr planen die Messdiener wieder eine Palmaktion.<\/div>\n<div><\/div>\n<div>Um \u00a0Palm f\u00fcr die Gemeinde anbieten zu k\u00f6nnen, bitten die Messdiener um Buchsbaumspenden.<\/div>\n<div>Die Buchsbaumspenden w\u00fcrden wir gerne am 11.\/12. April bei Ihnen abholen.\u00a0Gerne kommen wir zu Ihnen, um den Buchsbaum zu schneiden.\u00a0Bitte melden Sie sich hierf\u00fcr im Pfarrb\u00fcro oder schicken Sie uns eine Mail.<\/div>\n<div>Ihre Messdiener erreichen Sie unter:<a href=\"https:\/\/3c.gmx.net\/mail\/client\/mail\/mailto;jsessionid=A969E7AA01662EC66E4FEEAFB1C86744-n2.bs49a?to=MessdienerStGereon%40gmx.de&amp;selection=tfol11bc71387a1db98e\" target=\"_blank\" rel=\"noopener\">\u00a0MessdienerStGereon@gmx.de<\/a>.<\/div>\n<div><\/div>\n<div>Wie im letzten Jahr planen die Messdiener, neben der Ausgabe von Palm nach der hl. Messe an Palmsonntag,\u00a0auf Wunsch den\u00a0 Palm zu Ihnen nach Hause zu bringen.\u00a0Zu diesem Zweck werden wir wieder Listen in der Kirche auslegen, in die Sie sich eintragen k\u00f6nnen.\u00a0Der Besuch der Messdiener ist dann f\u00fcr Montag, den 14. April geplant.<\/div>\n<div><\/div>\n<div>Kinder und Jugendliche aus der Gemeinde sind eingeladen, die Messdiener bei dieser Aufgabe zu unterst\u00fctzen.\u00a0Wir treffen uns am 14. April um 10 Uhr im Gereonshaus. F\u00fcr das leibliche Wohl ist gesorgt.\u00a0Das voraussichtliche Ende wird gegen 16 Uhr sein.<\/div>\n<div><\/div>\n<div>Messdiener St. Gereon<\/div>\n","protected":false},"excerpt":{"rendered":"<p>Wie im vergangenem Jahr planen die Messdiener wieder eine Palmaktion. Um \u00a0Palm f\u00fcr die Gemeinde anbieten zu k\u00f6nnen, bitten die Messdiener um Buchsbaumspenden. Die Buchsbaumspenden w\u00fcrden wir gerne am 11.\/12. April bei Ihnen abholen.\u00a0Gerne kommen wir zu Ihnen, um den Buchsbaum zu schneiden.\u00a0Bitte melden Sie sich hierf\u00fcr im Pfarrb\u00fcro oder schicken Sie uns eine Mail. &hellip; <a href=\"https:\/\/www.stgereon.info\/wordpress\/?p=114\" class=\"more-link\"><span class=\"screen-reader-text\">Palmaktion St. Gereon<\/span> weiterlesen<\/a><\/p>\n","protected":false},"author":1,"featured_media":0,"comment_status":"closed","ping_status":"closed","sticky":false,"template":"","format":"standard","meta":{"ngg_post_thumbnail":0,"footnotes":""},"categories":[1],"tags":[],"class_list":["post-114","post","type-post","status-publish","format-standard","hentry","category-allgemein"],"_links":{"self":[{"href":"https:\/\/www.stgereon.info\/wordpress\/index.php?rest_route=\/wp\/v2\/posts\/114","targetHints":{"allow":["GET"]}}],"collection":[{"href":"https:\/\/www.stgereon.info\/wordpress\/index.php?rest_route=\/wp\/v2\/posts"}],"about":[{"href":"https:\/\/www.stgereon.info\/wordpress\/index.php?rest_route=\/wp\/v2\/types\/post"}],"author":[{"embeddable":true,"href":"https:\/\/www.stgereon.info\/wordpress\/index.php?rest_route=\/wp\/v2\/users\/1"}],"replies":[{"embeddable":true,"href":"https:\/\/www.stgereon.info\/wordpress\/index.php?rest_route=%2Fwp%2Fv2%2Fcomments&post=114"}],"version-history":[{"count":3,"href":"https:\/\/www.stgereon.info\/wordpress\/index.php?rest_route=\/wp\/v2\/posts\/114\/revisions"}],"predecessor-version":[{"id":729,"href":"https:\/\/www.stgereon.info\/wordpress\/index.php?rest_route=\/wp\/v2\/posts\/114\/revisions\/729"}],"wp:attachment":[{"href":"https:\/\/www.stgereon.info\/wordpress\/index.php?rest_route=%2Fwp%2Fv2%2Fmedia&parent=114"}],"wp:term":[{"taxonomy":"category","embeddable":true,"href":"https:\/\/www.stgereon.info\/wordpress\/index.php?rest_route=%2Fwp%2Fv2%2Fcategories&post=114"},{"taxonomy":"post_tag","embeddable":true,"href":"https:\/\/www.stgereon.info\/wordpress\/index.php?rest_route=%2Fwp%2Fv2%2Ftags&post=114"}],"curies":[{"name":"wp","href":"https:\/\/api.w.org\/{rel}","templated":true}]}}